{"id":4606,"date":"2026-05-24T15:27:00","date_gmt":"2026-05-24T14:27:00","guid":{"rendered":"https:\/\/www.hapkido.pl\/?p=4606"},"modified":"2026-09-05T16:23:18","modified_gmt":"2026-09-05T15:23:18","slug":"gala-jubileuszowa-z-okazjo-35-lecia-hapkido-w-polsce","status":"publish","type":"post","link":"https:\/\/www.hapkido.pl\/?p=4606","title":{"rendered":"Gala jubileuszowa z okazjo 35-lecia Hapkido w Polsce"},"content":{"rendered":"\n<figure class=\"wp-block-image size-large\"><a href=\"https:\/\/www.hapkido.pl\/wp-content\/uploads\/2026\/09\/35-Lecie-hapkido_108-scaled.jpg\"><img loading=\"lazy\" decoding=\"async\" width=\"1024\" height=\"576\" src=\"https:\/\/www.hapkido.pl\/wp-content\/uploads\/2026\/09\/35-Lecie-hapkido_108-1024x576.jpg\" alt=\"\" class=\"wp-image-4603\" srcset=\"https:\/\/www.hapkido.pl\/wp-content\/uploads\/2026\/09\/35-Lecie-hapkido_108-1024x576.jpg 1024w, https:\/\/www.hapkido.pl\/wp-content\/uploads\/2026\/09\/35-Lecie-hapkido_108-300x169.jpg 300w, https:\/\/www.hapkido.pl\/wp-content\/uploads\/2026\/09\/35-Lecie-hapkido_108-768x432.jpg 768w, https:\/\/www.hapkido.pl\/wp-content\/uploads\/2026\/09\/35-Lecie-hapkido_108-1536x864.jpg 1536w, https:\/\/www.hapkido.pl\/wp-content\/uploads\/2026\/09\/35-Lecie-hapkido_108-2048x1152.jpg 2048w, https:\/\/www.hapkido.pl\/wp-content\/uploads\/2026\/09\/35-Lecie-hapkido_108-690x388.jpg 690w, https:\/\/www.hapkido.pl\/wp-content\/uploads\/2026\/09\/35-Lecie-hapkido_108-980x551.jpg 980w\" sizes=\"auto, (max-width: 1024px) 100vw, 1024px\" \/><\/a><\/figure>\n\n\n\n<p class=\"wp-block-paragraph\">23 maja 2026 roku w Auli Akademii Wychowania Fizycznego w Krakowie odby\u0142a si\u0119 uroczysta gala z okazji <strong>35\u2011lecia Hapkido w Polsce<\/strong> oraz <strong>25\u2011lecia sekcji Hapkido przy SSP nr 7<\/strong>. W miejscu pierwszego pokazu Hapkido w kraju zgromadzi\u0142o si\u0119 ponad 350 uczestnik\u00f3w, a blisko 100 os\u00f3b zaprezentowa\u0142o si\u0119 na macie. Opraw\u0119 muzyczn\u0105 wydarzenia zapewni\u0142 DJ Trakmajster.<\/p>\n\n\n\n<p class=\"wp-block-paragraph\">Uroczysto\u015b\u0107 otworzyli dr hab. Katarzyna Sterkowicz Przybycie\u0144, prof. AKF, oraz mgr Rafa\u0142 Przybycie\u0144, podkre\u015blaj\u0105c znaczenie wieloletniej pracy \u015brodowiska Hapkido oraz jego wk\u0142ad w wychowanie m\u0142odych krakowian. W imieniu Prezydenta Miasta Krakowa g\u0142os zabra\u0142 Rafa\u0142 Jarosz, odczytuj\u0105c list z wyrazami uznania dla dzia\u0142alno\u015bci sekcji.<\/p>\n\n\n\n<p class=\"wp-block-paragraph\">Wa\u017cnym akcentem by\u0142a symboliczna prezentacja pokoleniowej ci\u0105g\u0142o\u015bci \u2014 przekazanie mikrofonu Natalii Przybycie\u0144 \u2014 oraz projekcje materia\u0142\u00f3w wspomnieniowych: nagrania od GM Sama Plumba i filmu po\u015bwi\u0119conego prof. Stanis\u0142awowi Sterkowiczowi.<\/p>\n\n\n\n<p class=\"wp-block-paragraph\">Podczas gali wr\u0119czono liczne wyr\u00f3\u017cnienia dla dyrektor\u00f3w szk\u00f3\u0142 wsp\u00f3\u0142pracuj\u0105cych z sekcjami, trener\u00f3w zaproszonych szk\u00f3\u0142, kadry obozowej oraz os\u00f3b szczeg\u00f3lnie zas\u0142u\u017conych dla rozwoju krakowskiego Hapkido. Uhonorowano r\u00f3wnie\u017c najstarszych uczni\u00f3w, stanowi\u0105cych filar tradycji Sul Ki Kwan.<\/p>\n\n\n\n<p class=\"wp-block-paragraph\">Kulminacyjnym punktem programu by\u0142 20\u2011minutowy pokaz Hapkido z udzia\u0142em 42 adept\u00f3w, prezentuj\u0105cy wysoki poziom techniczny, dyscyplin\u0119 i jedno\u015b\u0107 grupy. Wydarzenie zako\u0144czy\u0142o motto podkre\u015blaj\u0105ce warto\u015bci sztuki: <strong>\u201eW jedno\u015bci odnajdujemy si\u0142\u0119, w wytrwa\u0142o\u015bci charakter, a na drodze Do \u2014 nasze przeznaczenie.\u201d<\/strong><\/p>\n\n\n\n<p class=\"wp-block-paragraph\">Wi\u0119cej w zak\u0142adce<a href=\"https:\/\/www.hapkido.pl\/?page_id=182\"> <strong>jubileusz<\/strong><\/a><\/p>\n\n\n\n<p class=\"wp-block-paragraph\"><\/p>\n","protected":false},"excerpt":{"rendered":"<p>23 maja 2026 roku w Auli Akademii Wychowania Fizycznego w Krakowie odby\u0142a si\u0119 uroczysta gala z okazji 35\u2011lecia Hapkido w Polsce oraz 25\u2011lecia sekcji Hapkido przy SSP nr 7. W miejscu pierwszego pokazu Hapkido w kraju zgromadzi\u0142o si\u0119 ponad 350 uczestnik\u00f3w, a blisko 100 os\u00f3b zaprezentowa\u0142o si\u0119 na macie. Opraw\u0119 muzyczn\u0105 wydarzenia zapewni\u0142 DJ Trakmajster. [&hellip;]<\/p>\n","protected":false},"author":2,"featured_media":0,"comment_status":"closed","ping_status":"closed","sticky":false,"template":"","format":"standard","meta":{"ngg_post_thumbnail":0,"footnotes":""},"categories":[1],"tags":[44,6,22,31,11],"class_list":["post-4606","post","type-post","status-publish","format-standard","hentry","category-bez-kategorii","tag-35lecie","tag-hapkido-2","tag-jubileusz","tag-polska","tag-sztuki-walki"],"_links":{"self":[{"href":"https:\/\/www.hapkido.pl\/index.php?rest_route=\/wp\/v2\/posts\/4606","targetHints":{"allow":["GET"]}}],"collection":[{"href":"https:\/\/www.hapkido.pl\/index.php?rest_route=\/wp\/v2\/posts"}],"about":[{"href":"https:\/\/www.hapkido.pl\/index.php?rest_route=\/wp\/v2\/types\/post"}],"author":[{"embeddable":true,"href":"https:\/\/www.hapkido.pl\/index.php?rest_route=\/wp\/v2\/users\/2"}],"replies":[{"embeddable":true,"href":"https:\/\/www.hapkido.pl\/index.php?rest_route=%2Fwp%2Fv2%2Fcomments&post=4606"}],"version-history":[{"count":2,"href":"https:\/\/www.hapkido.pl\/index.php?rest_route=\/wp\/v2\/posts\/4606\/revisions"}],"predecessor-version":[{"id":4646,"href":"https:\/\/www.hapkido.pl\/index.php?rest_route=\/wp\/v2\/posts\/4606\/revisions\/4646"}],"wp:attachment":[{"href":"https:\/\/www.hapkido.pl\/index.php?rest_route=%2Fwp%2Fv2%2Fmedia&parent=4606"}],"wp:term":[{"taxonomy":"category","embeddable":true,"href":"https:\/\/www.hapkido.pl\/index.php?rest_route=%2Fwp%2Fv2%2Fcategories&post=4606"},{"taxonomy":"post_tag","embeddable":true,"href":"https:\/\/www.hapkido.pl\/index.php?rest_route=%2Fwp%2Fv2%2Ftags&post=4606"}],"curies":[{"name":"wp","href":"https:\/\/api.w.org\/{rel}","templated":true}]}}