{"id":2062,"date":"2014-06-15T12:19:56","date_gmt":"2014-06-15T11:19:56","guid":{"rendered":"http:\/\/www.hapkido.pl\/?p=2062"},"modified":"2014-06-15T12:22:18","modified_gmt":"2014-06-15T11:22:18","slug":"zakonczenie-sezonu-hapkido-20132014","status":"publish","type":"post","link":"https:\/\/www.hapkido.pl\/?p=2062","title":{"rendered":"Zako\u0144czenie sezonu HAPKIDO 2013\/2014"},"content":{"rendered":"<p style=\"text-align: justify;\"><strong><a href=\"http:\/\/www.hapkido.pl\/wp-content\/uploads\/2012\/08\/hapkido-logo-png1.png\"><img loading=\"lazy\" decoding=\"async\" class=\"alignleft size-thumbnail wp-image-1187\" title=\"hapkido logo png\" src=\"http:\/\/www.hapkido.pl\/wp-content\/uploads\/2012\/08\/hapkido-logo-png1-150x150.png\" alt=\"\" width=\"150\" height=\"150\" srcset=\"https:\/\/www.hapkido.pl\/wp-content\/uploads\/2012\/08\/hapkido-logo-png1-150x150.png 150w, https:\/\/www.hapkido.pl\/wp-content\/uploads\/2012\/08\/hapkido-logo-png1-300x300.png 300w, https:\/\/www.hapkido.pl\/wp-content\/uploads\/2012\/08\/hapkido-logo-png1.png 768w\" sizes=\"auto, (max-width: 150px) 100vw, 150px\" \/><\/a>Ostatni<\/strong>\u00a0trening w tym roku szkolnym odb\u0119dzie si\u0119 we wtorek<strong>\u00a017 czerwca<\/strong>. \u00a0Zapraszamy r\u00f3wnie\u017c wszystkich naszych uczni\u00f3w (m\u0142odszych i tych starszych) na\u00a0<strong>zako\u0144czenie sezonu hapkido 2013\/2014 <\/strong>na s\u0142odki pocz\u0119stunek\u00a0do kawiarni <strong><span style=\"text-decoration: underline;\"><span style=\"color: #000000;\">\u00a0<a title=\"Filmowa Cafe\" href=\"https:\/\/www.facebook.com\/kawiarniaswit\/info\"><span style=\"color: #000000; text-decoration: underline;\">Filmowa\u00a0Cafe<\/span><\/a><\/span><\/span><\/strong> mieszcz\u0105cej si\u0119 w budynku dawnego <strong>kina \u015awit <\/strong>na os. Teatralnym 10\u00a0<strong>22\u00a0czerwca o godzinie 16.00.\u00a0<\/strong><\/p>\n","protected":false},"excerpt":{"rendered":"<p>Ostatni\u00a0trening w tym roku szkolnym odb\u0119dzie si\u0119 we wtorek\u00a017 czerwca. \u00a0Zapraszamy r\u00f3wnie\u017c wszystkich naszych uczni\u00f3w (m\u0142odszych i tych starszych) na\u00a0zako\u0144czenie sezonu hapkido 2013\/2014 na s\u0142odki pocz\u0119stunek\u00a0do kawiarni \u00a0Filmowa\u00a0Cafe mieszcz\u0105cej si\u0119 w budynku dawnego kina \u015awit na os. Teatralnym 10\u00a022\u00a0czerwca o godzinie 16.00.\u00a0<\/p>\n","protected":false},"author":2,"featured_media":0,"comment_status":"closed","ping_status":"closed","sticky":false,"template":"","format":"standard","meta":{"ngg_post_thumbnail":0,"footnotes":""},"categories":[1],"tags":[],"class_list":["post-2062","post","type-post","status-publish","format-standard","hentry","category-bez-kategorii"],"_links":{"self":[{"href":"https:\/\/www.hapkido.pl\/index.php?rest_route=\/wp\/v2\/posts\/2062","targetHints":{"allow":["GET"]}}],"collection":[{"href":"https:\/\/www.hapkido.pl\/index.php?rest_route=\/wp\/v2\/posts"}],"about":[{"href":"https:\/\/www.hapkido.pl\/index.php?rest_route=\/wp\/v2\/types\/post"}],"author":[{"embeddable":true,"href":"https:\/\/www.hapkido.pl\/index.php?rest_route=\/wp\/v2\/users\/2"}],"replies":[{"embeddable":true,"href":"https:\/\/www.hapkido.pl\/index.php?rest_route=%2Fwp%2Fv2%2Fcomments&post=2062"}],"version-history":[{"count":3,"href":"https:\/\/www.hapkido.pl\/index.php?rest_route=\/wp\/v2\/posts\/2062\/revisions"}],"predecessor-version":[{"id":2064,"href":"https:\/\/www.hapkido.pl\/index.php?rest_route=\/wp\/v2\/posts\/2062\/revisions\/2064"}],"wp:attachment":[{"href":"https:\/\/www.hapkido.pl\/index.php?rest_route=%2Fwp%2Fv2%2Fmedia&parent=2062"}],"wp:term":[{"taxonomy":"category","embeddable":true,"href":"https:\/\/www.hapkido.pl\/index.php?rest_route=%2Fwp%2Fv2%2Fcategories&post=2062"},{"taxonomy":"post_tag","embeddable":true,"href":"https:\/\/www.hapkido.pl\/index.php?rest_route=%2Fwp%2Fv2%2Ftags&post=2062"}],"curies":[{"name":"wp","href":"https:\/\/api.w.org\/{rel}","templated":true}]}}